{"id":890,"date":"2021-10-05T18:46:34","date_gmt":"2021-10-05T16:46:34","guid":{"rendered":"http:\/\/www.bdp.edu.pl\/?p=890"},"modified":"2021-10-05T18:46:34","modified_gmt":"2021-10-05T16:46:34","slug":"patronat-marszalka-wojewodztwa-podkarpackiego","status":"publish","type":"post","link":"https:\/\/www.bdp.edu.pl\/?p=890","title":{"rendered":"Patronat Marsza\u0142ka Wojew\u00f3dztwa Podkarpackiego"},"content":{"rendered":"<p>Z przyjemno\u015bci\u0105 informujemy, i\u017c Konferencj\u0119 obj\u0105\u0142 patronatem Marsza\u0142ek Wojew\u00f3dztwa Podkarpackiego<a href=\"http:\/\/www.bdp.edu.pl\/wp-content\/uploads\/2021\/10\/marsza\u0142ek-wojew\u00f3dztwa.jpg\"><img fetchpriority=\"high\" decoding=\"async\" class=\"aligncenter size-full wp-image-891\" src=\"http:\/\/www.bdp.edu.pl\/wp-content\/uploads\/2021\/10\/marsza\u0142ek-wojew\u00f3dztwa.jpg\" alt=\"marsza\u0142ek wojew\u00f3dztwa\" width=\"794\" height=\"1000\" srcset=\"https:\/\/www.bdp.edu.pl\/wp-content\/uploads\/2021\/10\/marsza\u0142ek-wojew\u00f3dztwa.jpg 794w, https:\/\/www.bdp.edu.pl\/wp-content\/uploads\/2021\/10\/marsza\u0142ek-wojew\u00f3dztwa-238x300.jpg 238w, https:\/\/www.bdp.edu.pl\/wp-content\/uploads\/2021\/10\/marsza\u0142ek-wojew\u00f3dztwa-732x922.jpg 732w\" sizes=\"(max-width: 794px) 100vw, 794px\" \/><\/a><\/p>\n","protected":false},"excerpt":{"rendered":"<p>Z przyjemno\u015bci\u0105 informujemy, i\u017c Konferencj\u0119 obj\u0105\u0142 patronatem Marsza\u0142ek Wojew\u00f3dztwa Podkarpackiego<\/p>\n","protected":false},"author":1,"featured_media":0,"comment_status":"closed","ping_status":"open","sticky":false,"template":"","format":"standard","meta":{"footnotes":""},"categories":[1],"tags":[],"class_list":["post-890","post","type-post","status-publish","format-standard","hentry","category-bez-kategorii"],"_links":{"self":[{"href":"https:\/\/www.bdp.edu.pl\/index.php?rest_route=\/wp\/v2\/posts\/890","targetHints":{"allow":["GET"]}}],"collection":[{"href":"https:\/\/www.bdp.edu.pl\/index.php?rest_route=\/wp\/v2\/posts"}],"about":[{"href":"https:\/\/www.bdp.edu.pl\/index.php?rest_route=\/wp\/v2\/types\/post"}],"author":[{"embeddable":true,"href":"https:\/\/www.bdp.edu.pl\/index.php?rest_route=\/wp\/v2\/users\/1"}],"replies":[{"embeddable":true,"href":"https:\/\/www.bdp.edu.pl\/index.php?rest_route=%2Fwp%2Fv2%2Fcomments&post=890"}],"version-history":[{"count":1,"href":"https:\/\/www.bdp.edu.pl\/index.php?rest_route=\/wp\/v2\/posts\/890\/revisions"}],"predecessor-version":[{"id":892,"href":"https:\/\/www.bdp.edu.pl\/index.php?rest_route=\/wp\/v2\/posts\/890\/revisions\/892"}],"wp:attachment":[{"href":"https:\/\/www.bdp.edu.pl\/index.php?rest_route=%2Fwp%2Fv2%2Fmedia&parent=890"}],"wp:term":[{"taxonomy":"category","embeddable":true,"href":"https:\/\/www.bdp.edu.pl\/index.php?rest_route=%2Fwp%2Fv2%2Fcategories&post=890"},{"taxonomy":"post_tag","embeddable":true,"href":"https:\/\/www.bdp.edu.pl\/index.php?rest_route=%2Fwp%2Fv2%2Ftags&post=890"}],"curies":[{"name":"wp","href":"https:\/\/api.w.org\/{rel}","templated":true}]}}